{"id":69,"date":"2023-05-13T16:55:52","date_gmt":"2023-05-13T16:55:52","guid":{"rendered":"https:\/\/bihome.pl\/?p=69"},"modified":"2026-08-26T10:02:18","modified_gmt":"2026-08-26T10:02:18","slug":"czy-styl-skandynawski-sprawdzi-sie-w-salonie-fryzjerskim","status":"publish","type":"post","link":"https:\/\/bihome.pl\/en\/czy-styl-skandynawski-sprawdzi-sie-w-salonie-fryzjerskim\/","title":{"rendered":"Will the Scandinavian style work in a hairdressing salon? \u2013 Bihome.pl guide"},"content":{"rendered":"Czy styl skandynawski sprawdzi si\u0119 w salonie fryzjerskim<\/strong>? To pytanie nurtuje wielu w\u0142a\u015bcicieli, kt\u00f3rzy pragn\u0105 stworzy\u0107 wyj\u0105tkow\u0105 przestrze\u0144. Ten przytulny, jasny klimat jest idealny do miejsc, gdzie klientki szukaj\u0105 relaksu i odpr\u0119\u017cenia.<\/p>\n\n<h2>Dlaczego minimalistyczny styl skandynawski w salonie fryzjerskim to strza\u0142 w dziesi\u0105tk\u0119?<\/h2>\n\n<p>Bran\u017ca beauty to przede wszystkim \u015bwiat wizualny. Gdy klientka przekracza pr\u00f3g salonu, od razu ocenia jego estetyk\u0119. Minimalistyczny wystr\u00f3j, typowy dla Skandynawii, jest w tym przypadku ogromnym atutem.<\/p>\n\n<p>Daje poczucie czysto\u015bci, harmonii i profesjonalizmu. Nie chodzi o \u201eszpitalny\u201d ch\u0142\u00f3d, lecz o przestrze\u0144 przejrzyst\u0105 i doskonale przemy\u015blan\u0105.<\/p>\n\n<p>Projektuj\u0105c wn\u0119trze, funkcjonalno\u015b\u0107 jest kluczem. Wa\u017cne jest miejsce na swobodne poruszanie si\u0119 z w\u00f3zkiem fryzjerskim oraz wygodna poczekalnia. Nale\u017cy te\u017c zaplanowa\u0107 przestrze\u0144 do ekspozycji kosmetyk\u00f3w.<\/p>\n\n<p>Styl skandynawski idealnie \u0142\u0105czy te elementy. Stawia na proste formy, naturalne materia\u0142y i praktyczne rozwi\u0105zania. To sprawia, \u017ce <strong>Czy styl skandynawski sprawdzi si\u0119 w salonie fryzjerskim<\/strong> jako wyb\u00f3r aran\u017cacyjny, jest pytaniem, na kt\u00f3re odpowied\u017a brzmi: tak.<\/p>\n\n<div class=\"bihome-post-image-wrap\" style=\"margin: 28px 0\"><img decoding=\"async\" alt=\"\" src=\"https:\/\/bihome.pl\/wp-content\/uploads\/2022\/04\/IMG_2197blended_1080x.jpg\" width=\"1180\" \/><\/div>\n\n<h2>Light that creates atmosphere<\/h2>\n\n<p>O\u015bwietlenie w salonie fryzjerskim to niezwykle wa\u017cny element. Od niego zale\u017cy, jak klientka zobaczy swoje w\u0142osy w lustrze. Ma ono tak\u017ce wp\u0142yw na og\u00f3lne samopoczucie podczas wizyty.<\/p>\n\n<p>Decyduj\u0105c si\u0119 na styl skandynawski, zapomnijcie o zimnym, nieprzyjemnym \u015bwietle. Wybierajcie \u017car\u00f3wki o ciep\u0142ej barwie, kt\u00f3re pi\u0119knie rozja\u015bniaj\u0105 cer\u0119. Sprawiaj\u0105, \u017ce wygl\u0105da zdrowo i promiennie.<\/p>\n\n<p>Warto r\u00f3wnie\u017c zainwestowa\u0107 w porz\u0105dne kinkiety skandynawskie. Wygl\u0105daj\u0105 stylowo, a jednocze\u015bnie nie przyt\u0142aczaj\u0105 wn\u0119trza. Dobrze dobrane \u015bwiat\u0142o minimalizuje cienie na twarzy, co jest nieocenione przy precyzyjnych zabiegach.<\/p>\n\n<h3 id=\"aranzacja\">Jak wybra\u0107 idealne Czy styl skandynawski sprawdzi si\u0119 w salonie fryzjerskim?<\/h3>\n\n<p>Kluczem do sukcesu jest zrozumienie podstawowych zasad stylu. Skupienie si\u0119 na jasnych kolorach, naturalnych materia\u0142ach i prostych formach pomo\u017ce stworzy\u0107 sp\u00f3jn\u0105 ca\u0142o\u015b\u0107. Pami\u0119tajcie, \u017ce mniej znaczy wi\u0119cej, a ka\u017cdy element powinien mie\u0107 swoje przeznaczenie.<\/p>\n\n<p>Dobrze jest tak\u017ce czerpa\u0107 inspiracje, na przyk\u0142ad ogl\u0105daj\u0105c <a href=\"https:\/\/wikipedia.org\/\" target=\"_blank\" rel=\"noopener\">prezentacji projektanta marki<\/a>. Zrozumienie, jak inni interpretuj\u0105 ten styl, mo\u017ce pom\u00f3c w podj\u0119ciu w\u0142asnych decyzji aran\u017cacyjnych. To kluczowe, aby <strong>Czy styl skandynawski sprawdzi si\u0119 w salonie fryzjerskim<\/strong>, zale\u017ca\u0142o od przemy\u015blanych wybor\u00f3w.<\/p>\n\n<h2>Meble i dodatki \u2013 klucz do udanego stylu skandynawskiego w salonie<\/h2>\n\n<div class=\"bihome-post-image-wrap\" style=\"margin: 28px 0\"><img decoding=\"async\" alt=\"\" src=\"https:\/\/bihome.pl\/wp-content\/uploads\/2022\/04\/0_0_productGfx_2df73c7c19fd2d5c914a379c4c66404a-1.jpg\" width=\"590\" \/><\/div>\n\n<p>Nie ma potrzeby od razu wymienia\u0107 ca\u0142ego wyposa\u017cenia. Zacznijcie od poczekalni, kt\u00f3ra jest wizyt\u00f3wk\u0105 salonu. Ma\u0142a, czarna gablotka w industrialnym stylu mo\u017ce zdzia\u0142a\u0107 cuda. Prosta konsola od renomowanego producenta r\u00f3wnie\u017c \u015bwietnie si\u0119 sprawdzi.<\/p>\n\n<p>Takie elementy s\u0105 eleganckie, praktyczne i idealnie wpasowuj\u0105 si\u0119 w skandynawski sznyt. W <a href=\"https:\/\/bihome.pl\/en\/\">sklepie bihome.pl<\/a> znajdziecie wiele inspiruj\u0105cych rozwi\u0105za\u0144. Pami\u0119tajcie, \u017ce ka\u017cdy detal ma znaczenie, je\u015bli <strong>Czy styl skandynawski sprawdzi si\u0119 w salonie fryzjerskim<\/strong>, ma by\u0107 potwierdzone efektywn\u0105 aran\u017cacj\u0105.<\/p>\n\n<p>A co z przytulno\u015bci\u0105? Tutaj kluczowe s\u0105 tekstylia. Dywan jutowy na \u015brodku poczekalni natychmiast ociepli wn\u0119trze. Sprawi, \u017ce surowe, minimalistyczne meble nabior\u0105 charakteru.<\/p>\n\n<p>Pami\u0119tajcie, aby na p\u00f3\u0142kach zawsze panowa\u0142 porz\u0105dek. To najwa\u017cniejszy element ka\u017cdego minimalistycznego projektu. Czysto\u015b\u0107 i harmonia to podstawa.<\/p>\n\n<div class=\"bihome-post-image-wrap\" style=\"margin: 28px 0\"><img decoding=\"async\" alt=\"\" src=\"https:\/\/bihome.pl\/wp-content\/uploads\/2022\/04\/0311825f992a5e510ea897ca5c3cdf75-1.jpg\" width=\"590\" \/><\/div>\n\n<h2>A short checklist for you:<\/h2>\n<ul>\n<li><strong>Reception:<\/strong> niech b\u0119dzie minimalistyczna, ale zapraszaj\u0105ca.<\/li>\n<li><strong>O\u015bwietlenie:<\/strong> ciep\u0142e \u015bwiat\u0142o to absolutna konieczno\u015b\u0107.<\/li>\n<li><strong>Porz\u0105dek:<\/strong> im mniej \u201eprzydasi\u00f3w\u201d na wierzchu, tym lepiej.<\/li>\n<li><strong>Convenience:<\/strong> fotel fryzjerski musi by\u0107 tak komfortowy, \u017ceby klientka chcia\u0142a w nim zosta\u0107 na d\u0142u\u017cej.<\/li>\n<\/ul>\n\n<h2>Inspirations and arrangement details<\/h2>\n<div class=\"bihome-image-gallery cols-2\">\n<div><img decoding=\"async\" alt=\"\" src=\"https:\/\/bihome.pl\/wp-content\/uploads\/2022\/04\/32703046_high-1-1.jpg\" width=\"590\" \/><\/div>\n<div><a class=\"bihome-internal-thumbnail-link\" href=\"https:\/\/bihome.pl\/en\/ebbflow-jak-wkomponowac-niebanalne-oswietlenie-do-salonu-recepcji-biura-czy-gabinetu-ktore-zachwyci-twoich-klientow\/\"><img decoding=\"async\" alt=\"\" src=\"https:\/\/bihome.pl\/wp-content\/uploads\/2022\/10\/39.jpeg\" width=\"450\" \/><\/a><\/div>\n<div><a class=\"bihome-internal-thumbnail-link\" href=\"https:\/\/bihome.pl\/en\/meble-skandynawskie-w-wystroju-hoteli-wplyw-na-atmosfere-i-komfort-gosci\/\"><img decoding=\"async\" alt=\"\" src=\"https:\/\/bihome.pl\/wp-content\/uploads\/2022\/04\/180.jpeg\" width=\"450\" \/><\/a><\/div>\n<\/div>\n\n<h2>FAQ \u2013 Most frequently asked questions<\/h2>\n<p><strong>Czy styl skandynawski nie b\u0119dzie zbyt \u201ezimny\u201d do salonu fryzjerskiego?<\/strong><\/p>\n<p>Wr\u0119cz przeciwnie! Styl skandynawski opiera si\u0119 na idei przytulno\u015bci, czyli hygge. Dodaj\u0105c do wn\u0119trza drewniane akcenty, mi\u0119kkie tekstylia i ciep\u0142e \u015bwiat\u0142o, stworzycie miejsce, z kt\u00f3rego klientki nie b\u0119d\u0105 chcia\u0142y wychodzi\u0107. To udowadnia, \u017ce <strong>Czy styl skandynawski sprawdzi si\u0119 w salonie fryzjerskim<\/strong>, zale\u017cy od odpowiednich detali.<\/p>\n\n<p><strong>Jak utrzyma\u0107 czysto\u015b\u0107 w minimalistycznym salonie?<\/strong><\/p>\n<p>Minimalizm nie oznacza braku szafek. Wr\u0119cz przeciwnie \u2013 to doskona\u0142a okazja, aby zainwestowa\u0107 w du\u017co zamkni\u0119tych schowk\u00f3w. Dzi\u0119ki temu wszystko, co zb\u0119dne, znika z oczu. Otrzymujecie czyst\u0105 i uporz\u0105dkowan\u0105 przestrze\u0144 do pracy.<\/p>\n\n<h2>Write in the comments!<\/h2>\n<p>A jak to wygl\u0105da u Was? Czy wolicie salony w stylu totalnego minimalizmu, czy potrzebujecie wi\u0119cej kolor\u00f3w i ozd\u00f3b? Dajcie zna\u0107 w komentarzach. Jestem bardzo ciekawa Waszego zdania na temat tego, <strong>czy styl skandynawski sprawdzi si\u0119 w salonie fryzjerskim<\/strong> w Waszej ocenie.<\/p>\n\n\n<div class=\"bihome-read-also\" style=\"background:#fcfbf9;border-left:4px solid #ba9a5b;border-radius:4px;padding:24px;margin:40px 0\">\n  <h4 style=\"margin:0 0 16px 0;,sans-serif;font-size:1.15rem;color:#222;font-weight:600;letter-spacing:-0.2px\"> You may also be interested in:<\/h4>\n  <ul style=\"margin:0;padding:0;list-style-type:none\">\n    <li style=\"margin-bottom:12px;font-size:0.95rem;line-height:1.6;color:#555;display:flex;align-items:flex-start\">\n      <span style=\"color:#ba9a5b;margin-right:8px;font-weight:bold\"><\/span>\n      <span>Je\u015bli urzek\u0142a Ci\u0119 prostota stylu skandynawskiego, koniecznie zobacz, dlaczego po\u0142\u0105czenie bieli i drewna to zawsze strza\u0142 w dziesi\u0105tk\u0119, czytaj\u0105c <a href=\"https:\/\/bihome.pl\/en\/wnetrze-w-bieli-i-drewnie-dlaczego-tak-dobrze-ze-soba-wspolgraja-sprawdz-na-bihome-blog\/\" style=\"color:#ba9a5b;font-weight:600;text-decoration:underline\">White and wood interior \u2013 why do they work together so well? Check it out on Bihome Blog<\/a>.<\/span>\n    <\/li>\n    <li style=\"margin-bottom:12px;font-size:0.95rem;line-height:1.6;color:#555;display:flex;align-items:flex-start\">\n      <span style=\"color:#ba9a5b;margin-right:8px;font-weight:bold\"><\/span>\n      <span>Szukasz kolejnych inspiracji do minimalistycznych, ale funkcjonalnych przestrzeni? Zobacz, jak stworzy\u0107 idealn\u0105 <a href=\"https:\/\/bihome.pl\/en\/szara-minimalistyczna-kuchnia-czego-potrzebujesz-do-aranzacji-sprawdz-na-bihome-blog\/\" style=\"color:#ba9a5b;font-weight:600;text-decoration:underline\">Gray minimalist kitchen \u2013 what do you need to arrange it? Check it out on Bihome Blog<\/a>.<\/span>\n    <\/li>\n  <\/ul>\n<\/div>\n<!-- \/wp:post-content -->","protected":false},"excerpt":{"rendered":"<p>Czy styl skandynawski sprawdzi si\u0119 w salonie fryzjerskim? To pytanie nurtuje wielu w\u0142a\u015bcicieli, kt\u00f3rzy pragn\u0105 stworzy\u0107 wyj\u0105tkow\u0105 przestrze\u0144. Ten przytulny, jasny klimat jest idealny do miejsc, gdzie klientki szukaj\u0105 relaksu i odpr\u0119\u017cenia. Dlaczego minimalistyczny styl skandynawski w salonie fryzjerskim to strza\u0142 w dziesi\u0105tk\u0119? Bran\u017ca beauty to przede wszystkim \u015bwiat wizualny. Gdy klientka przekracza pr\u00f3g salonu, [&hellip;]<\/p>\n","protected":false},"author":1,"featured_media":5925,"comment_status":"closed","ping_status":"closed","sticky":false,"template":"","format":"standard","meta":{"_swt_meta_header_display":false,"_swt_meta_footer_display":false,"_swt_meta_site_title_display":false,"_swt_meta_sticky_header":false,"_swt_meta_transparent_header":false,"footnotes":""},"categories":[302,111],"tags":[311,313,317],"class_list":["post-69","post","type-post","status-publish","format-standard","has-post-thumbnail","hentry","category-minimalizm","category-styl-skandynawski","tag-aranzacja-wnetrz","tag-minimalistyczne-wnetrza","tag-skandynawski-design"],"_links":{"self":[{"href":"https:\/\/bihome.pl\/en\/wp-json\/wp\/v2\/posts\/69","targetHints":{"allow":["GET"]}}],"collection":[{"href":"https:\/\/bihome.pl\/en\/wp-json\/wp\/v2\/posts"}],"about":[{"href":"https:\/\/bihome.pl\/en\/wp-json\/wp\/v2\/types\/post"}],"author":[{"embeddable":true,"href":"https:\/\/bihome.pl\/en\/wp-json\/wp\/v2\/users\/1"}],"replies":[{"embeddable":true,"href":"https:\/\/bihome.pl\/en\/wp-json\/wp\/v2\/comments?post=69"}],"version-history":[{"count":4,"href":"https:\/\/bihome.pl\/en\/wp-json\/wp\/v2\/posts\/69\/revisions"}],"predecessor-version":[{"id":9545,"href":"https:\/\/bihome.pl\/en\/wp-json\/wp\/v2\/posts\/69\/revisions\/9545"}],"wp:featuredmedia":[{"embeddable":true,"href":"https:\/\/bihome.pl\/en\/wp-json\/wp\/v2\/media\/5925"}],"wp:attachment":[{"href":"https:\/\/bihome.pl\/en\/wp-json\/wp\/v2\/media?parent=69"}],"wp:term":[{"taxonomy":"category","embeddable":true,"href":"https:\/\/bihome.pl\/en\/wp-json\/wp\/v2\/categories?post=69"},{"taxonomy":"post_tag","embeddable":true,"href":"https:\/\/bihome.pl\/en\/wp-json\/wp\/v2\/tags?post=69"}],"curies":[{"name":"wp","href":"https:\/\/api.w.org\/{rel}","templated":true}]}}